{"id":39356,"date":"2025-11-28T13:57:37","date_gmt":"2025-11-28T11:57:37","guid":{"rendered":"https:\/\/erkadomagyarorszag.com\/?p=39356"},"modified":"2025-11-28T16:33:13","modified_gmt":"2025-11-28T14:33:13","slug":"magyar-szabvany-ajto-meretek-egyedi-vagy-szabvany-utmutato-a-megfelelo-meretvalasztashoz","status":"publish","type":"post","link":"https:\/\/erkadomagyarorszag.com\/en\/magyar-szabvany-ajto-meretek-egyedi-vagy-szabvany-utmutato-a-megfelelo-meretvalasztashoz\/","title":{"rendered":"Hungarian standard door sizes. Custom or standard? Guide to choosing the right size"},"content":{"rendered":"<p>Hungarian standard door sizes follow the needs of most types of apartments well, yet there are many situations where the standard size <em>does not fit well<\/em> or it would be too much work to install, so a custom door will be the safer choice. The size of interior openings is rarely perfectly identical, especially in old apartment buildings or converted spaces.<\/p>\n\n\n\n<h2 class=\"wp-block-heading\" id=\"h-mikor-eleg-a-szabvany-meret-es-mikor-kell-egyedi\"><strong>When is a standard size enough and when is a custom size needed?<\/strong><\/h2>\n\n\n\n<p>When is a standard size enough and when is a custom size needed?\nA significant portion of Hungarian homes were built to the general standard meters. The construction practice of the past decades \u2013 whether it is a panel apartment, a newly built condominium or a family house \u2013 has mostly settled on doors 75\u201390\u2013100 cm wide and 210 cm high. Dozens of manufacturers offer ready-made products for these sizes, with fast delivery times.<\/p>\n\n\n\n<h3 class=\"wp-block-heading\" id=\"h-felujitasnal-azonban-mas-a-helyzet\"><strong>The situation is different in the case of renovation<\/strong><\/h3>\n\n\n\n<p>In such cases, a standard door can also be installed, but it can often mean a compromise. For example, they can only be installed with a larger cover strip, a lot of post-processing, gap filling, or a less aesthetic fit. This is the reason why many people immediately look for the option of a custom door for renovation instead of the Hungarian standard door sizes.<\/p>\n\n\n\n<p>The vast majority of renovators are therefore faced with the fact that the wall openings in the apartment differ slightly from each other.<\/p>\n\n\n<div class=\"wp-block-image\">\n<figure class=\"aligncenter size-large\"><img fetchpriority=\"high\" decoding=\"async\" width=\"1024\" height=\"683\" src=\"https:\/\/erkadomagyarorszag.com\/wp-content\/uploads\/szabvany-belteri-ajto-meretek-1024x683.jpg\" alt=\"\" class=\"wp-image-39360\" srcset=\"https:\/\/erkadomagyarorszag.com\/wp-content\/uploads\/szabvany-belteri-ajto-meretek-1024x683.jpg 1024w, https:\/\/erkadomagyarorszag.com\/wp-content\/uploads\/szabvany-belteri-ajto-meretek-300x200.jpg 300w, https:\/\/erkadomagyarorszag.com\/wp-content\/uploads\/szabvany-belteri-ajto-meretek-768x512.jpg 768w, https:\/\/erkadomagyarorszag.com\/wp-content\/uploads\/szabvany-belteri-ajto-meretek-1536x1024.jpg 1536w, https:\/\/erkadomagyarorszag.com\/wp-content\/uploads\/szabvany-belteri-ajto-meretek-2048x1365.jpg 2048w, https:\/\/erkadomagyarorszag.com\/wp-content\/uploads\/szabvany-belteri-ajto-meretek-18x12.jpg 18w, https:\/\/erkadomagyarorszag.com\/wp-content\/uploads\/szabvany-belteri-ajto-meretek-600x400.jpg 600w\" sizes=\"(max-width: 1024px) 100vw, 1024px\" \/><\/figure>\n<\/div>\n\n\n<div style=\"height:25px\" aria-hidden=\"true\" class=\"wp-block-spacer\"><\/div>\n\n\n\n<h3 class=\"wp-block-heading\" id=\"h-uj-epitesnel-a-szabvany-szinte-mindig-eleg\"><strong>In new construction, the standard is almost always enough<\/strong><\/h3>\n\n\n\n<p>Standard installation is trouble-free in 90% of apartments - whether it's practical 75\/90 cm openings or larger passage doors.<\/p>\n\n\n\n<p>When designing a new house or apartment, contractors are already guided by standard size logic. There is no real advantage to being unique here, apart from aesthetic special features. Therefore, in 90% of apartments, standard interior door sizes can be installed without any problems, whether it is the practical 75\/90 cm openings or the larger passage doors.<\/p>\n\n\n\n<h2 class=\"wp-block-heading\" id=\"h-meretlogika-erthetoen\"><strong>Size logic clearly understood<\/strong><\/h2>\n\n\n\n<p>Choosing the right door always starts with measuring the wall opening. Most wrong decisions come from the buyer only looking at the size of the door leaf, not the entire structural requirement. However, after a short explanation, it becomes quite easy to understand.\nWith interior doors, the size of three key elements determines the size of the door you will ultimately need:<\/p>\n\n\n\n<h3 class=\"wp-block-heading\" id=\"h-falnyilas-tok-atjarhatosag\"><strong>Wall opening \u2013 frame \u2013 permeability<\/strong><\/h3>\n\n\n\n<ol start=\"1\" class=\"wp-block-list\">\n<li><strong>Wall opening size<\/strong><br>This is the basis. This is what we measure in the wall: top, middle, bottom. This determines what kind of frame will actually fit in the wall opening. Since wall openings are never millimeter accurate, manufacturers always leave a minimum installation gap around the frame.<\/li>\n\n\n\n<li><strong>Outer size of the door<\/strong><br>The frame fills the wall opening. The thickness of the frame can vary (depending on the wall thickness), so the size of the wall opening and the type of frame are related: if the wall is thicker, the frame will be thicker too.<\/li>\n\n\n\n<li><strong>Passability size<\/strong><br>This is the size that <em>you actually pass<\/em>.<br>Every door \"loses\" a few centimeters due to the frame, hinges, hinge side and stop.<br>For example, the passage of a 90 cm door is actually about 86 cm.<\/li>\n<\/ol>\n\n\n<div class=\"wp-block-image\">\n<figure class=\"aligncenter size-large\"><img decoding=\"async\" width=\"1024\" height=\"683\" src=\"https:\/\/erkadomagyarorszag.com\/wp-content\/uploads\/falnyilas-meret-1024x683.jpg\" alt=\"\" class=\"wp-image-39358\" srcset=\"https:\/\/erkadomagyarorszag.com\/wp-content\/uploads\/falnyilas-meret-1024x683.jpg 1024w, https:\/\/erkadomagyarorszag.com\/wp-content\/uploads\/falnyilas-meret-300x200.jpg 300w, https:\/\/erkadomagyarorszag.com\/wp-content\/uploads\/falnyilas-meret-768x512.jpg 768w, https:\/\/erkadomagyarorszag.com\/wp-content\/uploads\/falnyilas-meret-1536x1024.jpg 1536w, https:\/\/erkadomagyarorszag.com\/wp-content\/uploads\/falnyilas-meret-2048x1365.jpg 2048w, https:\/\/erkadomagyarorszag.com\/wp-content\/uploads\/falnyilas-meret-18x12.jpg 18w, https:\/\/erkadomagyarorszag.com\/wp-content\/uploads\/falnyilas-meret-600x400.jpg 600w\" sizes=\"(max-width: 1024px) 100vw, 1024px\" \/><\/figure>\n<\/div>\n\n\n<div style=\"height:25px\" aria-hidden=\"true\" class=\"wp-block-spacer\"><\/div>\n\n\n\n<h3 class=\"wp-block-heading\" id=\"h-nyitasirany-es-helyigeny-a-gyakorlatban\"><strong>Opening direction and space requirements in everyday use<\/strong><\/h3>\n\n\n\n<p>But the doorway's <em>size<\/em> is just one factor. At least as important is the <strong>opening direction's<\/strong> question too. We see that many people only focus on size and ignore the question of which way the door should open. Even though there are many cases where external factors have to be taken into account, what will be behind the door, what will be the first thing you see when you open it, how much space will be in front of and behind the door, etc.<\/p>\n\n\n\n<p>The wrong opening direction can cause the following problems, among others:<\/p>\n\n\n\n<ul class=\"wp-block-list\">\n<li>The space can be even narrower if the door opens into a narrow corridor,<\/li>\n\n\n\n<li>can block incoming light,<\/li>\n\n\n\n<li>in smaller bedrooms it can bump into furniture,<\/li>\n\n\n\n<li>It can often be problematic in the kitchen if the refrigerator or kitchen counter is behind it.<\/li>\n<\/ul>\n\n\n\n<p>Therefore, the best thing you can do is to think ahead about the future use of the room.<\/p>\n\n\n\n<h2 class=\"wp-block-heading\" id=\"h-esztetikai-es-koltsegszempontok-amik-nem-elhanyagolhatoak-a-szabvany-es-az-egyedi-ajto-valasztasa-eseten\"><strong>Aesthetic and cost considerations that cannot be neglected when choosing a standard or custom door<\/strong><\/h2>\n\n\n\n<p>The advantages of standard doors are quite easy to define: cost-effectiveness, quick availability, more favorable price, and uniform design.<br>For example, in the ERKADO range, standard sizes are always in stock, therefore \nyou can count on fast delivery.<\/p>\n\n\n\n<p>Custom doors come to the fore where the standard would show something. These can be:<\/p>\n\n\n\n<ul class=\"wp-block-list\">\n<li>Extremely different wall opening height or width,<\/li>\n\n\n\n<li>Old building apartment with high ceilings,<\/li>\n\n\n\n<li><a href=\"https:\/\/erkadomagyarorszag.com\/en\/product\/jasmin-5\/\" target=\"_blank\" rel=\"noreferrer noopener\">Special <\/a>design concept,<\/li>\n\n\n\n<li>Large difference in case thickness, or possibly<\/li>\n\n\n\n<li>Adaptation to sliding door cassette solution.<\/li>\n<\/ul>\n\n\n\n<p>A custom door may therefore be more expensive, but the end result is always more aesthetic and fits better into the space.<br>In places where a custom size is needed but a standard door is still used, it is often noticeable that there are many joints, large covering strips or gap fillings. In such cases, a custom-made interior door increases visual consistency and long-term value retention.<\/p>\n\n\n\n<figure class=\"wp-block-image size-large\"><img decoding=\"async\" width=\"1024\" height=\"681\" src=\"https:\/\/erkadomagyarorszag.com\/wp-content\/uploads\/erkado-lavenda-greko-belteri-ajto-1024x681.jpg\" alt=\"\" class=\"wp-image-39357\" srcset=\"https:\/\/erkadomagyarorszag.com\/wp-content\/uploads\/erkado-lavenda-greko-belteri-ajto-1024x681.jpg 1024w, https:\/\/erkadomagyarorszag.com\/wp-content\/uploads\/erkado-lavenda-greko-belteri-ajto-300x200.jpg 300w, https:\/\/erkadomagyarorszag.com\/wp-content\/uploads\/erkado-lavenda-greko-belteri-ajto-768x511.jpg 768w, https:\/\/erkadomagyarorszag.com\/wp-content\/uploads\/erkado-lavenda-greko-belteri-ajto-18x12.jpg 18w, https:\/\/erkadomagyarorszag.com\/wp-content\/uploads\/erkado-lavenda-greko-belteri-ajto-600x399.jpg 600w, https:\/\/erkadomagyarorszag.com\/wp-content\/uploads\/erkado-lavenda-greko-belteri-ajto.jpg 1512w\" sizes=\"(max-width: 1024px) 100vw, 1024px\" \/><\/figure>\n\n\n\n<div style=\"height:25px\" aria-hidden=\"true\" class=\"wp-block-spacer\"><\/div>\n\n\n\n<h2 class=\"wp-block-heading\" id=\"h-gyors-checklist-a-donteshez\"><strong>Quick checklist for your decision<\/strong><\/h2>\n\n\n\n<p>If you want to briefly decide whether the Hungarian standard door sizes are sufficient for you, you should go through this list:<\/p>\n\n\n\n<ul class=\"wp-block-list\">\n<li><strong>Door opening measurement accurately<\/strong><br>\u2013 Measure the doorway at three points (top, middle, bottom), and if there is a difference of several centimeters, the easier way will be unique.<\/li>\n\n\n\n<li><strong>Are you planning to replace the cladding?<\/strong><br>\u2013 If you are building and the paving will be laid later, take into account +1\u20131.5 cm for the paving slab!<\/li>\n\n\n\n<li><strong>Opening direction<\/strong><br>\u2013 Think about how the passage will be most comfortable and safe.<\/li>\n\n\n\n<li><strong>Cost\u2013time frame<\/strong><br>\u2013 If you need a solution urgently, the standard is cheaper and faster, but if the doorway is non-standard, it is better to wait for the production time, because it gives a more precise fit.<\/li>\n\n\n\n<li><strong>Aesthetics<\/strong><br>\u2013 If too much adjustment is needed around the frame, you are probably better off with a custom door. A custom door will not have an oversized cover strip, nor will there be a large gap filling, which can make the door feel more massive.<\/li>\n<\/ul>\n\n\n\n<p>If you took all of this into account, you may have already made the right decision.<\/p>\n\n\n\n<p>Finally, we have collected frequently asked and recurring customer questions, which are also explained in the article!<\/p>\n\n\n\n<h3 class=\"wp-block-heading\" id=\"h-q-amp-a-gyakran-felmerulo-kerdesek\"><strong>Q&amp;A \u2013 Frequently Asked Questions<\/strong><\/h3>\n\n\n\n<ul class=\"wp-block-list\">\n<li><strong>So what is the most common Hungarian standard door size?<\/strong><\/li>\n<\/ul>\n\n\n\n<p>The most common is <strong>90 \u00d7 210 cm<\/strong>, but 75 cm and 100 cm wide options are also very common.<br>These come with standard case and strap placement, so they are easy and quick to access.<\/p>\n\n\n\n<ul class=\"wp-block-list\">\n<li><strong>How much smaller is the permeability than the nominal size?<\/strong><\/li>\n<\/ul>\n\n\n\n<p>Usually by 3\u20134 cm.<br>This means that a 90 cm door can actually fit through about 86 cm.<\/p>\n\n\n\n<ul class=\"wp-block-list\">\n<li><strong>When is it not recommended to use a standard door?<\/strong><\/li>\n<\/ul>\n\n\n\n<ul class=\"wp-block-list\">\n<li>if the wall opening is very slanted or defective,<\/li>\n\n\n\n<li>if the old apartment has several openings of different sizes,<\/li>\n\n\n\n<li>if special proportions or an extra high door are required,<\/li>\n\n\n\n<li>if the frame does not match the wall thickness.<\/li>\n\n\n\n<li><strong>Does a unique door = an expensive door?<\/strong><\/li>\n<\/ul>\n\n\n\n<p>Not necessarily.<br>The cost difference typically results from the fact that the manufacturing process is not based on a template, but this often pays off in the long run due to the perfect fit.<\/p>\n\n\n\n<ul class=\"wp-block-list\">\n<li><strong>Is it better to choose something unique when renovating?<\/strong><\/li>\n<\/ul>\n\n\n\n<p>If the walls are not perfectly straight, then yes. A standard door can also be installed, but it may require aesthetic compromises. In the case of a custom door, the frame is adjusted to the millimeter to your wall opening.<\/p>\n\n\n\n<p>But it is best to always contact a professional. Door and window distributors who also undertake installation usually offer on-site assessments. In fact, many offer this free of charge, so you can only win with this.<\/p>\n\n\n\n<p>If you would like to delve deeper into the world of standard door sizes and door designs, it is worth checking out some more professional sources:<\/p>\n\n\n\n<p><a href=\"https:\/\/en.wikipedia.org\/wiki\/Door\">\u2013 <strong>https:\/\/en.wikipedia.org\/wiki\/Door<\/strong><\/a><\/p>\n\n\n\n<p><a href=\"chrome-extension:\/\/efaidnbmnnnibpcajpcglclefindmkaj\/https:\/commission.europa.eu\/document\/download\/1654ca52-ec72-4bae-ba40-d2fc0f3d71ae_en?filename=mit-1-performance-and-technical-performance-specification-v1-2_en.pdf\">\u2013 <strong>EU Commission \u2013 Manual of Standard Building Specifications<\/strong><\/a> \u2013 door size requirements, minimum height, opening width, general technical principles used in European institutions Source of our article: <a href=\"https:\/\/erkado.pl\/hu\/blog\/a-szabvanyos-ajtok-illeszkednek-a-legtobb-lakasba-vagy-egyedi-ajtokra-van-szukseg\/\">https:\/\/erkado.pl\/hu\/blog\/a-szabvanyos-ajtok-illeszkednek-a-legtobb-lakasba-vagy-egyedi-ajtokra-van-szukseg\/<\/a><\/p>\n\n\n\n<p><\/p>","protected":false},"excerpt":{"rendered":"<p>Ez a r\u00f6vid \u00fatmutat\u00f3 abban seg\u00edt, hogy meg\u00e9rtse, mikor \u00e9rdemes ragaszkodni a szabv\u00e1nyhoz, \u00e9s mikor jobb r\u00f6gt\u00f6n az egyedi megold\u00e1s mellett d\u00f6nteni. Seg\u00edt tov\u00e1bb\u00e1, hogy \u00e9rthet\u0151en \u00e1tl\u00e1ssa a belt\u00e9ri ajt\u00f3 m\u00e9retek, a falny\u00edl\u00e1s \u00e9s a tok viszony\u00e1t.<br \/>\nA c\u00e9l nem az, hogy szakemberr\u00e9 v\u00e1ljon, hanem hogy \u00e1tl\u00e1ssa a belt\u00e9ri ajt\u00f3 m\u00e9retek, a falny\u00edl\u00e1sok \u00e9s a be\u00e9p\u00edt\u00e9si k\u00f6rnyezet \u00f6sszef\u00fcgg\u00e9seit annyira, hogy magabiztosabban hozhasson d\u00f6nt\u00e9st ajt\u00f3 v\u00e1s\u00e1rl\u00e1s el\u0151tt.<\/p>","protected":false},"author":2,"featured_media":39362,"comment_status":"closed","ping_status":"open","sticky":false,"template":"","format":"standard","meta":{"footnotes":""},"categories":[1],"tags":[790,817,820,822,821,823,819],"class_list":["post-39356","post","type-post","status-publish","format-standard","has-post-thumbnail","hentry","category-cikkek","tag-belteri-ajto","tag-belteri-ajto-tervezes","tag-egyedi-ajto","tag-epitkezes","tag-lakasfelujitas","tag-lakastervezes","tag-magyar-szabvany-ajto-meretek"],"yoast_head":"<!-- This site is optimized with the Yoast SEO Premium plugin v26.2 (Yoast SEO v26.6) - https:\/\/yoast.com\/wordpress\/plugins\/seo\/ -->\n<title>Magyar szabv\u00e1ny ajt\u00f3 m\u00e9retek - Erkado Magyarorsz\u00e1g<\/title>\n<meta name=\"description\" content=\"Magyar szabv\u00e1ny ajt\u00f3 m\u00e9retek, azaz falny\u00edl\u00e1s \u00e9s tok m\u00e9retekr\u0151l \u00e9rthet\u0151en. Mikor el\u00e9g a szabv\u00e1nyos ajt\u00f3 \u00e9s mikor kell egyedi? Gyors \u00fatmutat\u00f3.\" \/>\n<meta name=\"robots\" content=\"index, follow, max-snippet:-1, max-image-preview:large, max-video-preview:-1\" \/>\n<link rel=\"canonical\" href=\"https:\/\/erkadomagyarorszag.com\/en\/magyar-szabvany-ajto-meretek-egyedi-vagy-szabvany-utmutato-a-megfelelo-meretvalasztashoz\/\" \/>\n<meta property=\"og:locale\" content=\"en_GB\" \/>\n<meta property=\"og:type\" content=\"article\" \/>\n<meta property=\"og:title\" content=\"Magyar szabv\u00e1ny ajt\u00f3 m\u00e9retek. Egyedi, vagy szabv\u00e1ny? \u00datmutat\u00f3 a megfelel\u0151 m\u00e9retv\u00e1laszt\u00e1shoz\" \/>\n<meta property=\"og:description\" content=\"Magyar szabv\u00e1ny ajt\u00f3 m\u00e9retek, azaz falny\u00edl\u00e1s \u00e9s tok m\u00e9retekr\u0151l \u00e9rthet\u0151en. Mikor el\u00e9g a szabv\u00e1nyos ajt\u00f3 \u00e9s mikor kell egyedi? Gyors \u00fatmutat\u00f3.\" \/>\n<meta property=\"og:url\" content=\"https:\/\/erkadomagyarorszag.com\/en\/magyar-szabvany-ajto-meretek-egyedi-vagy-szabvany-utmutato-a-megfelelo-meretvalasztashoz\/\" \/>\n<meta property=\"og:site_name\" content=\"Erkado Magyarorsz\u00e1g\" \/>\n<meta property=\"article:published_time\" content=\"2025-11-28T11:57:37+00:00\" \/>\n<meta property=\"article:modified_time\" content=\"2025-11-28T14:33:13+00:00\" \/>\n<meta property=\"og:image\" content=\"https:\/\/erkadomagyarorszag.com\/wp-content\/uploads\/magyar-szabvany-ajto-meretek-PETUNIA1.png\" \/>\n\t<meta property=\"og:image:width\" content=\"1264\" \/>\n\t<meta property=\"og:image:height\" content=\"848\" \/>\n\t<meta property=\"og:image:type\" content=\"image\/png\" \/>\n<meta name=\"author\" content=\"davebalazs\" \/>\n<meta name=\"twitter:card\" content=\"summary_large_image\" \/>\n<meta name=\"twitter:label1\" content=\"Written by\" \/>\n\t<meta name=\"twitter:data1\" content=\"davebalazs\" \/>\n\t<meta name=\"twitter:label2\" content=\"Estimated reading time\" \/>\n\t<meta name=\"twitter:data2\" content=\"7 minutes\" \/>\n<script type=\"application\/ld+json\" class=\"yoast-schema-graph\">{\"@context\":\"https:\/\/schema.org\",\"@graph\":[{\"@type\":\"Article\",\"@id\":\"https:\/\/erkadomagyarorszag.com\/magyar-szabvany-ajto-meretek-egyedi-vagy-szabvany-utmutato-a-megfelelo-meretvalasztashoz\/#article\",\"isPartOf\":{\"@id\":\"https:\/\/erkadomagyarorszag.com\/magyar-szabvany-ajto-meretek-egyedi-vagy-szabvany-utmutato-a-megfelelo-meretvalasztashoz\/\"},\"author\":{\"name\":\"davebalazs\",\"@id\":\"https:\/\/erkadomagyarorszag.com\/#\/schema\/person\/0432111723f40e5e151e0cfaed222dc1\"},\"headline\":\"Magyar szabv\u00e1ny ajt\u00f3 m\u00e9retek. Egyedi, vagy szabv\u00e1ny? \u00datmutat\u00f3 a megfelel\u0151 m\u00e9retv\u00e1laszt\u00e1shoz\",\"datePublished\":\"2025-11-28T11:57:37+00:00\",\"dateModified\":\"2025-11-28T14:33:13+00:00\",\"mainEntityOfPage\":{\"@id\":\"https:\/\/erkadomagyarorszag.com\/magyar-szabvany-ajto-meretek-egyedi-vagy-szabvany-utmutato-a-megfelelo-meretvalasztashoz\/\"},\"wordCount\":1777,\"publisher\":{\"@id\":\"https:\/\/erkadomagyarorszag.com\/#organization\"},\"image\":{\"@id\":\"https:\/\/erkadomagyarorszag.com\/magyar-szabvany-ajto-meretek-egyedi-vagy-szabvany-utmutato-a-megfelelo-meretvalasztashoz\/#primaryimage\"},\"thumbnailUrl\":\"https:\/\/erkadomagyarorszag.com\/wp-content\/uploads\/magyar-szabvany-ajto-meretek-PETUNIA1.png\",\"keywords\":[\"belt\u00e9ri ajt\u00f3\",\"belt\u00e9ri ajt\u00f3 tervez\u00e9s\",\"egyedi ajt\u00f3\",\"\u00e9p\u00edtkez\u00e9s\",\"lak\u00e1sfel\u00faj\u00edt\u00e1s\",\"lak\u00e1stervez\u00e9s\",\"magyar szabv\u00e1ny ajt\u00f3 m\u00e9retek\"],\"articleSection\":[\"Cikkek\"],\"inLanguage\":\"en-GB\"},{\"@type\":\"WebPage\",\"@id\":\"https:\/\/erkadomagyarorszag.com\/magyar-szabvany-ajto-meretek-egyedi-vagy-szabvany-utmutato-a-megfelelo-meretvalasztashoz\/\",\"url\":\"https:\/\/erkadomagyarorszag.com\/magyar-szabvany-ajto-meretek-egyedi-vagy-szabvany-utmutato-a-megfelelo-meretvalasztashoz\/\",\"name\":\"Magyar szabv\u00e1ny ajt\u00f3 m\u00e9retek - Erkado Magyarorsz\u00e1g\",\"isPartOf\":{\"@id\":\"https:\/\/erkadomagyarorszag.com\/#website\"},\"primaryImageOfPage\":{\"@id\":\"https:\/\/erkadomagyarorszag.com\/magyar-szabvany-ajto-meretek-egyedi-vagy-szabvany-utmutato-a-megfelelo-meretvalasztashoz\/#primaryimage\"},\"image\":{\"@id\":\"https:\/\/erkadomagyarorszag.com\/magyar-szabvany-ajto-meretek-egyedi-vagy-szabvany-utmutato-a-megfelelo-meretvalasztashoz\/#primaryimage\"},\"thumbnailUrl\":\"https:\/\/erkadomagyarorszag.com\/wp-content\/uploads\/magyar-szabvany-ajto-meretek-PETUNIA1.png\",\"datePublished\":\"2025-11-28T11:57:37+00:00\",\"dateModified\":\"2025-11-28T14:33:13+00:00\",\"description\":\"Magyar szabv\u00e1ny ajt\u00f3 m\u00e9retek, azaz falny\u00edl\u00e1s \u00e9s tok m\u00e9retekr\u0151l \u00e9rthet\u0151en. Mikor el\u00e9g a szabv\u00e1nyos ajt\u00f3 \u00e9s mikor kell egyedi? Gyors \u00fatmutat\u00f3.\",\"breadcrumb\":{\"@id\":\"https:\/\/erkadomagyarorszag.com\/magyar-szabvany-ajto-meretek-egyedi-vagy-szabvany-utmutato-a-megfelelo-meretvalasztashoz\/#breadcrumb\"},\"inLanguage\":\"en-GB\",\"potentialAction\":[{\"@type\":\"ReadAction\",\"target\":[\"https:\/\/erkadomagyarorszag.com\/magyar-szabvany-ajto-meretek-egyedi-vagy-szabvany-utmutato-a-megfelelo-meretvalasztashoz\/\"]}]},{\"@type\":\"ImageObject\",\"inLanguage\":\"en-GB\",\"@id\":\"https:\/\/erkadomagyarorszag.com\/magyar-szabvany-ajto-meretek-egyedi-vagy-szabvany-utmutato-a-megfelelo-meretvalasztashoz\/#primaryimage\",\"url\":\"https:\/\/erkadomagyarorszag.com\/wp-content\/uploads\/magyar-szabvany-ajto-meretek-PETUNIA1.png\",\"contentUrl\":\"https:\/\/erkadomagyarorszag.com\/wp-content\/uploads\/magyar-szabvany-ajto-meretek-PETUNIA1.png\",\"width\":1264,\"height\":848},{\"@type\":\"BreadcrumbList\",\"@id\":\"https:\/\/erkadomagyarorszag.com\/magyar-szabvany-ajto-meretek-egyedi-vagy-szabvany-utmutato-a-megfelelo-meretvalasztashoz\/#breadcrumb\",\"itemListElement\":[{\"@type\":\"ListItem\",\"position\":1,\"name\":\"Kezd\u0151lap\",\"item\":\"https:\/\/erkadomagyarorszag.com\/\"},{\"@type\":\"ListItem\",\"position\":2,\"name\":\"Magyar szabv\u00e1ny ajt\u00f3 m\u00e9retek. Egyedi, vagy szabv\u00e1ny? \u00datmutat\u00f3 a megfelel\u0151 m\u00e9retv\u00e1laszt\u00e1shoz\"}]},{\"@type\":\"WebSite\",\"@id\":\"https:\/\/erkadomagyarorszag.com\/#website\",\"url\":\"https:\/\/erkadomagyarorszag.com\/\",\"name\":\"Erkado Magyarorsz\u00e1g\",\"description\":\"Erkado Magyarorsz\u00e1g\",\"publisher\":{\"@id\":\"https:\/\/erkadomagyarorszag.com\/#organization\"},\"potentialAction\":[{\"@type\":\"SearchAction\",\"target\":{\"@type\":\"EntryPoint\",\"urlTemplate\":\"https:\/\/erkadomagyarorszag.com\/?s={search_term_string}\"},\"query-input\":{\"@type\":\"PropertyValueSpecification\",\"valueRequired\":true,\"valueName\":\"search_term_string\"}}],\"inLanguage\":\"en-GB\"},{\"@type\":\"Organization\",\"@id\":\"https:\/\/erkadomagyarorszag.com\/#organization\",\"name\":\"Erkado Magyarorsz\u00e1g\",\"url\":\"https:\/\/erkadomagyarorszag.com\/\",\"logo\":{\"@type\":\"ImageObject\",\"inLanguage\":\"en-GB\",\"@id\":\"https:\/\/erkadomagyarorszag.com\/#\/schema\/logo\/image\/\",\"url\":\"https:\/\/erkadomagyarorszag.com\/wp-content\/uploads\/Group-24.jpg\",\"contentUrl\":\"https:\/\/erkadomagyarorszag.com\/wp-content\/uploads\/Group-24.jpg\",\"width\":221,\"height\":221,\"caption\":\"Erkado Magyarorsz\u00e1g\"},\"image\":{\"@id\":\"https:\/\/erkadomagyarorszag.com\/#\/schema\/logo\/image\/\"}},{\"@type\":\"Person\",\"@id\":\"https:\/\/erkadomagyarorszag.com\/#\/schema\/person\/0432111723f40e5e151e0cfaed222dc1\",\"name\":\"davebalazs\",\"image\":{\"@type\":\"ImageObject\",\"inLanguage\":\"en-GB\",\"@id\":\"https:\/\/erkadomagyarorszag.com\/#\/schema\/person\/image\/\",\"url\":\"https:\/\/secure.gravatar.com\/avatar\/bdb7adfeaba7871b74ab34e78c51af729655515aa1c95e2dcae8c85b5bfd85ce?s=96&d=mm&r=g\",\"contentUrl\":\"https:\/\/secure.gravatar.com\/avatar\/bdb7adfeaba7871b74ab34e78c51af729655515aa1c95e2dcae8c85b5bfd85ce?s=96&d=mm&r=g\",\"caption\":\"davebalazs\"}}]}<\/script>\n<!-- \/ Yoast SEO Premium plugin. -->","yoast_head_json":{"title":"Hungarian standard door sizes - Erkado Hungary","description":"Hungarian standard door sizes, the dimensions of the wall opening and frame, clearly explained.","robots":{"index":"index","follow":"follow","max-snippet":"max-snippet:-1","max-image-preview":"max-image-preview:large","max-video-preview":"max-video-preview:-1"},"canonical":"https:\/\/erkadomagyarorszag.com\/en\/magyar-szabvany-ajto-meretek-egyedi-vagy-szabvany-utmutato-a-megfelelo-meretvalasztashoz\/","og_locale":"en_GB","og_type":"article","og_title":"Magyar szabv\u00e1ny ajt\u00f3 m\u00e9retek. Egyedi, vagy szabv\u00e1ny? \u00datmutat\u00f3 a megfelel\u0151 m\u00e9retv\u00e1laszt\u00e1shoz","og_description":"Magyar szabv\u00e1ny ajt\u00f3 m\u00e9retek, azaz falny\u00edl\u00e1s \u00e9s tok m\u00e9retekr\u0151l \u00e9rthet\u0151en. Mikor el\u00e9g a szabv\u00e1nyos ajt\u00f3 \u00e9s mikor kell egyedi? Gyors \u00fatmutat\u00f3.","og_url":"https:\/\/erkadomagyarorszag.com\/en\/magyar-szabvany-ajto-meretek-egyedi-vagy-szabvany-utmutato-a-megfelelo-meretvalasztashoz\/","og_site_name":"Erkado Magyarorsz\u00e1g","article_published_time":"2025-11-28T11:57:37+00:00","article_modified_time":"2025-11-28T14:33:13+00:00","og_image":[{"width":1264,"height":848,"url":"https:\/\/erkadomagyarorszag.com\/wp-content\/uploads\/magyar-szabvany-ajto-meretek-PETUNIA1.png","type":"image\/png"}],"author":"davebalazs","twitter_card":"summary_large_image","twitter_misc":{"Written by":"davebalazs","Estimated reading time":"7 minutes"},"schema":{"@context":"https:\/\/schema.org","@graph":[{"@type":"Article","@id":"https:\/\/erkadomagyarorszag.com\/magyar-szabvany-ajto-meretek-egyedi-vagy-szabvany-utmutato-a-megfelelo-meretvalasztashoz\/#article","isPartOf":{"@id":"https:\/\/erkadomagyarorszag.com\/magyar-szabvany-ajto-meretek-egyedi-vagy-szabvany-utmutato-a-megfelelo-meretvalasztashoz\/"},"author":{"name":"davebalazs","@id":"https:\/\/erkadomagyarorszag.com\/#\/schema\/person\/0432111723f40e5e151e0cfaed222dc1"},"headline":"Magyar szabv\u00e1ny ajt\u00f3 m\u00e9retek. Egyedi, vagy szabv\u00e1ny? \u00datmutat\u00f3 a megfelel\u0151 m\u00e9retv\u00e1laszt\u00e1shoz","datePublished":"2025-11-28T11:57:37+00:00","dateModified":"2025-11-28T14:33:13+00:00","mainEntityOfPage":{"@id":"https:\/\/erkadomagyarorszag.com\/magyar-szabvany-ajto-meretek-egyedi-vagy-szabvany-utmutato-a-megfelelo-meretvalasztashoz\/"},"wordCount":1777,"publisher":{"@id":"https:\/\/erkadomagyarorszag.com\/#organization"},"image":{"@id":"https:\/\/erkadomagyarorszag.com\/magyar-szabvany-ajto-meretek-egyedi-vagy-szabvany-utmutato-a-megfelelo-meretvalasztashoz\/#primaryimage"},"thumbnailUrl":"https:\/\/erkadomagyarorszag.com\/wp-content\/uploads\/magyar-szabvany-ajto-meretek-PETUNIA1.png","keywords":["belt\u00e9ri ajt\u00f3","belt\u00e9ri ajt\u00f3 tervez\u00e9s","egyedi ajt\u00f3","\u00e9p\u00edtkez\u00e9s","lak\u00e1sfel\u00faj\u00edt\u00e1s","lak\u00e1stervez\u00e9s","magyar szabv\u00e1ny ajt\u00f3 m\u00e9retek"],"articleSection":["Cikkek"],"inLanguage":"en-GB"},{"@type":"WebPage","@id":"https:\/\/erkadomagyarorszag.com\/magyar-szabvany-ajto-meretek-egyedi-vagy-szabvany-utmutato-a-megfelelo-meretvalasztashoz\/","url":"https:\/\/erkadomagyarorszag.com\/magyar-szabvany-ajto-meretek-egyedi-vagy-szabvany-utmutato-a-megfelelo-meretvalasztashoz\/","name":"Hungarian standard door sizes - Erkado Hungary","isPartOf":{"@id":"https:\/\/erkadomagyarorszag.com\/#website"},"primaryImageOfPage":{"@id":"https:\/\/erkadomagyarorszag.com\/magyar-szabvany-ajto-meretek-egyedi-vagy-szabvany-utmutato-a-megfelelo-meretvalasztashoz\/#primaryimage"},"image":{"@id":"https:\/\/erkadomagyarorszag.com\/magyar-szabvany-ajto-meretek-egyedi-vagy-szabvany-utmutato-a-megfelelo-meretvalasztashoz\/#primaryimage"},"thumbnailUrl":"https:\/\/erkadomagyarorszag.com\/wp-content\/uploads\/magyar-szabvany-ajto-meretek-PETUNIA1.png","datePublished":"2025-11-28T11:57:37+00:00","dateModified":"2025-11-28T14:33:13+00:00","description":"Hungarian standard door sizes, the dimensions of the wall opening and frame, clearly explained.","breadcrumb":{"@id":"https:\/\/erkadomagyarorszag.com\/magyar-szabvany-ajto-meretek-egyedi-vagy-szabvany-utmutato-a-megfelelo-meretvalasztashoz\/#breadcrumb"},"inLanguage":"en-GB","potentialAction":[{"@type":"ReadAction","target":["https:\/\/erkadomagyarorszag.com\/magyar-szabvany-ajto-meretek-egyedi-vagy-szabvany-utmutato-a-megfelelo-meretvalasztashoz\/"]}]},{"@type":"ImageObject","inLanguage":"en-GB","@id":"https:\/\/erkadomagyarorszag.com\/magyar-szabvany-ajto-meretek-egyedi-vagy-szabvany-utmutato-a-megfelelo-meretvalasztashoz\/#primaryimage","url":"https:\/\/erkadomagyarorszag.com\/wp-content\/uploads\/magyar-szabvany-ajto-meretek-PETUNIA1.png","contentUrl":"https:\/\/erkadomagyarorszag.com\/wp-content\/uploads\/magyar-szabvany-ajto-meretek-PETUNIA1.png","width":1264,"height":848},{"@type":"BreadcrumbList","@id":"https:\/\/erkadomagyarorszag.com\/magyar-szabvany-ajto-meretek-egyedi-vagy-szabvany-utmutato-a-megfelelo-meretvalasztashoz\/#breadcrumb","itemListElement":[{"@type":"ListItem","position":1,"name":"Kezd\u0151lap","item":"https:\/\/erkadomagyarorszag.com\/"},{"@type":"ListItem","position":2,"name":"Magyar szabv\u00e1ny ajt\u00f3 m\u00e9retek. Egyedi, vagy szabv\u00e1ny? \u00datmutat\u00f3 a megfelel\u0151 m\u00e9retv\u00e1laszt\u00e1shoz"}]},{"@type":"WebSite","@id":"https:\/\/erkadomagyarorszag.com\/#website","url":"https:\/\/erkadomagyarorszag.com\/","name":"Home - Erkado Hungary","description":"Home - Erkado Hungary","publisher":{"@id":"https:\/\/erkadomagyarorszag.com\/#organization"},"potentialAction":[{"@type":"SearchAction","target":{"@type":"EntryPoint","urlTemplate":"https:\/\/erkadomagyarorszag.com\/?s={search_term_string}"},"query-input":{"@type":"PropertyValueSpecification","valueRequired":true,"valueName":"search_term_string"}}],"inLanguage":"en-GB"},{"@type":"Organization","@id":"https:\/\/erkadomagyarorszag.com\/#organization","name":"Home - Erkado Hungary","url":"https:\/\/erkadomagyarorszag.com\/","logo":{"@type":"ImageObject","inLanguage":"en-GB","@id":"https:\/\/erkadomagyarorszag.com\/#\/schema\/logo\/image\/","url":"https:\/\/erkadomagyarorszag.com\/wp-content\/uploads\/Group-24.jpg","contentUrl":"https:\/\/erkadomagyarorszag.com\/wp-content\/uploads\/Group-24.jpg","width":221,"height":221,"caption":"Erkado Magyarorsz\u00e1g"},"image":{"@id":"https:\/\/erkadomagyarorszag.com\/#\/schema\/logo\/image\/"}},{"@type":"Person","@id":"https:\/\/erkadomagyarorszag.com\/#\/schema\/person\/0432111723f40e5e151e0cfaed222dc1","name":"davebalazs","image":{"@type":"ImageObject","inLanguage":"en-GB","@id":"https:\/\/erkadomagyarorszag.com\/#\/schema\/person\/image\/","url":"https:\/\/secure.gravatar.com\/avatar\/bdb7adfeaba7871b74ab34e78c51af729655515aa1c95e2dcae8c85b5bfd85ce?s=96&d=mm&r=g","contentUrl":"https:\/\/secure.gravatar.com\/avatar\/bdb7adfeaba7871b74ab34e78c51af729655515aa1c95e2dcae8c85b5bfd85ce?s=96&d=mm&r=g","caption":"davebalazs"}}]}},"_links":{"self":[{"href":"https:\/\/erkadomagyarorszag.com\/en\/wp-json\/wp\/v2\/posts\/39356","targetHints":{"allow":["GET"]}}],"collection":[{"href":"https:\/\/erkadomagyarorszag.com\/en\/wp-json\/wp\/v2\/posts"}],"about":[{"href":"https:\/\/erkadomagyarorszag.com\/en\/wp-json\/wp\/v2\/types\/post"}],"author":[{"embeddable":true,"href":"https:\/\/erkadomagyarorszag.com\/en\/wp-json\/wp\/v2\/users\/2"}],"replies":[{"embeddable":true,"href":"https:\/\/erkadomagyarorszag.com\/en\/wp-json\/wp\/v2\/comments?post=39356"}],"version-history":[{"count":1,"href":"https:\/\/erkadomagyarorszag.com\/en\/wp-json\/wp\/v2\/posts\/39356\/revisions"}],"predecessor-version":[{"id":39361,"href":"https:\/\/erkadomagyarorszag.com\/en\/wp-json\/wp\/v2\/posts\/39356\/revisions\/39361"}],"wp:featuredmedia":[{"embeddable":true,"href":"https:\/\/erkadomagyarorszag.com\/en\/wp-json\/wp\/v2\/media\/39362"}],"wp:attachment":[{"href":"https:\/\/erkadomagyarorszag.com\/en\/wp-json\/wp\/v2\/media?parent=39356"}],"wp:term":[{"taxonomy":"category","embeddable":true,"href":"https:\/\/erkadomagyarorszag.com\/en\/wp-json\/wp\/v2\/categories?post=39356"},{"taxonomy":"post_tag","embeddable":true,"href":"https:\/\/erkadomagyarorszag.com\/en\/wp-json\/wp\/v2\/tags?post=39356"}],"curies":[{"name":"wp","href":"https:\/\/api.w.org\/{rel}","templated":true}]}}